{"id":481,"date":"2023-10-16T07:47:25","date_gmt":"2023-10-16T10:47:25","guid":{"rendered":"https:\/\/imaoscip.org\/?p=481"},"modified":"2023-10-16T07:47:25","modified_gmt":"2023-10-16T10:47:25","slug":"governo-prepara-plano-nacional-de-logistica","status":"publish","type":"post","link":"https:\/\/imaoscip.org\/?p=481","title":{"rendered":"Governo prepara plano nacional de log\u00edstica"},"content":{"rendered":"\n<p>O Minist\u00e9rio dos Transportes e a Secretaria Especial de Portos preparam o lan\u00e7amento do Plano Nacional de Log\u00edstica Integrada (PNLI), que vai analisar de forma conjunta os projetos de investimento nos portos, rodovias, ferrovias e hidrovias em um horizonte at\u00e9 2030. Um dos objetivos do plano \u00e9 garantir maior efici\u00eancia ao sistema de transporte e, assim, reduzir custos log\u00edsticos.<br>O transporte pelas estradas representa quase 60% das cargas no pa\u00eds, enquanto as ferrovias respondem por 25% e a navega\u00e7\u00e3o de cabotagem por cerca de 13%.O restante \u00e9 feito via a\u00e9rea e por dutovias, disse o ministro da SEP.<\/p>\n\n\n\n<p>A proposta vai reunir dois planos j\u00e1 existentes: o Plano Nacional de Log\u00edstica de Transportes (PNLT) e o Plano Nacional de Log\u00edstica Portu\u00e1ria (PNLP). Cristino disse que o objetivo da iniciativa \u00e9 garantir maior efici\u00eancia ao sistema log\u00edstico para atender ao crescimento do com\u00e9rcio exterior brasileiro.<\/p>\n\n\n\n<p>Para modificar esse quadro, ser\u00e1 preciso investir mais em outros modais al\u00e9m do rodovi\u00e1rio, como \u00e9 o caso da cabotagem e das hidrovias. O ministro dos Transportes, Paulo S\u00e9rgio Passos, disse que o Plano Nacional de Log\u00edstica de Transportes olha cen\u00e1rios de m\u00e9dio e longo prazo e identifica o que \u00e9 necess\u00e1rio fazer.<\/p>\n\n\n\n<p>&#8220;Parte do que precisa ser feito at\u00e9 2030 j\u00e1 est\u00e1 sendo executado e est\u00e1 abrigado no PAC `Programa de Acelera\u00e7\u00e3o do Crescimento'&#8221;, disse Passos. Ele acrescentou que parte das a\u00e7\u00f5es previstas no Plano Nacional de Log\u00edstica Portu\u00e1ria tamb\u00e9m j\u00e1 est\u00e1 em curso.<\/p>\n\n\n\n<p>&#8220;Esses planos s\u00e3o portf\u00f3lios de projetos, de oportunidades, que indicam o que \u00e9 preciso fazer.&#8221; Passos afirmou que os planos podem envolver investimentos p\u00fablicos e privados. Apenas o PNLT tem um conjunto de investimentos mapeados que somam mais de R$ 300 bilh\u00f5es at\u00e9 2030.<\/p>\n\n\n\n<p>O PNLP est\u00e1 sendo conclu\u00eddo e prev\u00ea investimentos de cerca de R$ 25 bilh\u00f5es. Ainda n\u00e3o est\u00e1 definido o volume de investimentos no novo plano nem quando ele ser\u00e1 lan\u00e7ado.<\/p>\n\n\n\n<p>Passos e Cristino participaram nesta ter\u00e7a-feira da cerim\u00f4nia de abertura da Intermodal South America, feira internacional de log\u00edstica, transporte de cargas e com\u00e9rcio exterior, em S\u00e3o Paulo.<\/p>\n","protected":false},"excerpt":{"rendered":"<p>O Minist\u00e9rio dos Transportes e a Secretaria Especial de Portos preparam o lan\u00e7amento do Plano Nacional de Log\u00edstica Integrada (PNLI), que vai analisar de forma conjunta os projetos de investimento nos portos, rodovias, ferrovias e hidrovias em um horizonte at\u00e9 2030. Um dos objetivos do plano \u00e9 garantir maior efici\u00eancia ao sistema de transporte e, [&hellip;]<\/p>\n","protected":false},"author":1,"featured_media":482,"comment_status":"open","ping_status":"open","sticky":false,"template":"","format":"standard","meta":{"footnotes":""},"categories":[6],"tags":[],"class_list":["post-481","post","type-post","status-publish","format-standard","has-post-thumbnail","hentry","category-noticias-da-midia"],"_links":{"self":[{"href":"https:\/\/imaoscip.org\/index.php?rest_route=\/wp\/v2\/posts\/481","targetHints":{"allow":["GET"]}}],"collection":[{"href":"https:\/\/imaoscip.org\/index.php?rest_route=\/wp\/v2\/posts"}],"about":[{"href":"https:\/\/imaoscip.org\/index.php?rest_route=\/wp\/v2\/types\/post"}],"author":[{"embeddable":true,"href":"https:\/\/imaoscip.org\/index.php?rest_route=\/wp\/v2\/users\/1"}],"replies":[{"embeddable":true,"href":"https:\/\/imaoscip.org\/index.php?rest_route=%2Fwp%2Fv2%2Fcomments&post=481"}],"version-history":[{"count":1,"href":"https:\/\/imaoscip.org\/index.php?rest_route=\/wp\/v2\/posts\/481\/revisions"}],"predecessor-version":[{"id":483,"href":"https:\/\/imaoscip.org\/index.php?rest_route=\/wp\/v2\/posts\/481\/revisions\/483"}],"wp:featuredmedia":[{"embeddable":true,"href":"https:\/\/imaoscip.org\/index.php?rest_route=\/wp\/v2\/media\/482"}],"wp:attachment":[{"href":"https:\/\/imaoscip.org\/index.php?rest_route=%2Fwp%2Fv2%2Fmedia&parent=481"}],"wp:term":[{"taxonomy":"category","embeddable":true,"href":"https:\/\/imaoscip.org\/index.php?rest_route=%2Fwp%2Fv2%2Fcategories&post=481"},{"taxonomy":"post_tag","embeddable":true,"href":"https:\/\/imaoscip.org\/index.php?rest_route=%2Fwp%2Fv2%2Ftags&post=481"}],"curies":[{"name":"wp","href":"https:\/\/api.w.org\/{rel}","templated":true}]}}