{"id":475,"date":"2023-10-25T16:25:16","date_gmt":"2023-10-25T19:25:16","guid":{"rendered":"https:\/\/imaoscip.org\/?p=475"},"modified":"2023-11-04T10:08:59","modified_gmt":"2023-11-04T13:08:59","slug":"dezoito-municipios-beneficiados-pelo-programa-de-producao-de-palma-de-oleo","status":"publish","type":"post","link":"https:\/\/imaoscip.org\/?p=475","title":{"rendered":"Dezoito munic\u00edpios beneficiados pelo Programa de Produ\u00e7\u00e3o de Palma de \u00d3leo"},"content":{"rendered":"\n<p>O projeto selecionado na chamada p\u00fablica vai beneficiar agricultores e agricultoras familiares de 18 munic\u00edpios dos estados do Acre, Par\u00e1 e Rond\u00f4nia. Os benefici\u00e1rios ser\u00e3o informados sobre a cultura da palma de \u00f3leo e tamb\u00e9m sobre o Programa de Produ\u00e7\u00e3o Sustent\u00e1vel de Palma de \u00d3leo no Brasil.<br><br>O coordenador de Biocombust\u00edveis do MDA, Marco Ant\u00f4nio Viana Leite, avalia que o projeto selecionado ser\u00e1 a porta de entrada da agricultura familiar na cadeia produtiva da Palma de \u00d3leo no Brasil. \u201cO objetivo \u00e9 avan\u00e7ar e inserir essa parte da agricultura familiar que encontra-se exclu\u00edda no processo produtivo de fato, e a partir da produ\u00e7\u00e3o de biodiesel garantir mais renda para essas fam\u00edlias\u201d, destaca.<br><br>A meta \u00e9 identificar agricultores e agricultoras familiares com forte potencial de produ\u00e7\u00e3o da mat\u00e9ria prima situados em \u00e1reas zoneadas para produ\u00e7\u00e3o da cultura da palma de \u00f3leo (dend\u00ea) e, partir desse diagn\u00f3stico e mapeamento, possibilitar a parceria com as empresas produtoras de biodiesel, com o apoio do Programa Nacional de Produ\u00e7\u00e3o e Uso de Biodiesel (PNPB) do MDA.<br><br>O uso da palma de \u00f3leo na produ\u00e7\u00e3o de biocombust\u00edveis foi definido a partir do lan\u00e7amento do Programa espec\u00edfico para a cultura, em 2010, pelo Governo Federal.<\/p>\n","protected":false},"excerpt":{"rendered":"<p>O projeto selecionado na chamada p\u00fablica vai beneficiar agricultores e agricultoras familiares de 18 munic\u00edpios dos estados do Acre, Par\u00e1 e Rond\u00f4nia. Os benefici\u00e1rios ser\u00e3o informados sobre a cultura da palma de \u00f3leo e tamb\u00e9m sobre o Programa de Produ\u00e7\u00e3o Sustent\u00e1vel de Palma de \u00d3leo no Brasil. O coordenador de Biocombust\u00edveis do MDA, Marco Ant\u00f4nio [&hellip;]<\/p>\n","protected":false},"author":1,"featured_media":515,"comment_status":"open","ping_status":"open","sticky":false,"template":"","format":"standard","meta":{"footnotes":""},"categories":[1],"tags":[],"class_list":["post-475","post","type-post","status-publish","format-standard","has-post-thumbnail","hentry","category-ima"],"_links":{"self":[{"href":"https:\/\/imaoscip.org\/index.php?rest_route=\/wp\/v2\/posts\/475","targetHints":{"allow":["GET"]}}],"collection":[{"href":"https:\/\/imaoscip.org\/index.php?rest_route=\/wp\/v2\/posts"}],"about":[{"href":"https:\/\/imaoscip.org\/index.php?rest_route=\/wp\/v2\/types\/post"}],"author":[{"embeddable":true,"href":"https:\/\/imaoscip.org\/index.php?rest_route=\/wp\/v2\/users\/1"}],"replies":[{"embeddable":true,"href":"https:\/\/imaoscip.org\/index.php?rest_route=%2Fwp%2Fv2%2Fcomments&post=475"}],"version-history":[{"count":2,"href":"https:\/\/imaoscip.org\/index.php?rest_route=\/wp\/v2\/posts\/475\/revisions"}],"predecessor-version":[{"id":514,"href":"https:\/\/imaoscip.org\/index.php?rest_route=\/wp\/v2\/posts\/475\/revisions\/514"}],"wp:featuredmedia":[{"embeddable":true,"href":"https:\/\/imaoscip.org\/index.php?rest_route=\/wp\/v2\/media\/515"}],"wp:attachment":[{"href":"https:\/\/imaoscip.org\/index.php?rest_route=%2Fwp%2Fv2%2Fmedia&parent=475"}],"wp:term":[{"taxonomy":"category","embeddable":true,"href":"https:\/\/imaoscip.org\/index.php?rest_route=%2Fwp%2Fv2%2Fcategories&post=475"},{"taxonomy":"post_tag","embeddable":true,"href":"https:\/\/imaoscip.org\/index.php?rest_route=%2Fwp%2Fv2%2Ftags&post=475"}],"curies":[{"name":"wp","href":"https:\/\/api.w.org\/{rel}","templated":true}]}}